{"id":466,"date":"2023-06-18T14:13:07","date_gmt":"2023-06-18T14:13:07","guid":{"rendered":"https:\/\/www.fspdd.tl\/?p=466"},"modified":"2023-06-23T08:03:04","modified_gmt":"2023-06-23T08:03:04","slug":"a-ultima-visita-do-sr-simon-le-grand-no-local-do-projeto-reflorestcao-de-dare","status":"publish","type":"post","link":"https:\/\/www.fspdd.tl\/index.php\/2023\/06\/18\/a-ultima-visita-do-sr-simon-le-grand-no-local-do-projeto-reflorestcao-de-dare\/","title":{"rendered":"A \u00faltima visita do Sr.Simon Le Grand no local do Projeto Reflorest\u00e7\u00e3o de Dare"},"content":{"rendered":"<p style=\"text-align: justify;\">No dia 14 de agosto de 2020, o Sr. Simon Le Grand fez a sua \u00faltima visita ao projeto de Refloresta\u00e7\u00e3o de Dare, financiado pela Uni\u00e3o Europeia. Fez-se acompanhar pela sua comitiva constitu\u00edda pela D. Dulce Gusm\u00e3o e o Sr. Johanes Mau. Durante a vista fizeram-se ainda acompanhar pelo Presidente da Funda\u00e7\u00e3o de S\u00e3o Paulo, Sr. Padre Augusto Martins e a sua equipa t\u00e9cnica. Visitou em primeiro lugar as obras de reabilita\u00e7\u00e3o do Centro Retiro de Dare, come\u00e7ando pelo Sal\u00e3o de Confer\u00eancia (que se encontra 95% conclu\u00eddo), os 25 quartos e a casa de banho geral, cujas reabilita\u00e7\u00f5es se encontram tamb\u00e9m em fase final. Visitou em seguida os trabalhos do <em>demo-plot<\/em>, com a prepara\u00e7\u00e3o dos terra\u00e7os para cultivo. O Sr. Simon Le Grand mostrou-se impressionado e satisfeito com o resultado da sua visita. Depois de terminada a visita, houve um intervalo para o lanche da manh\u00e3, oferecido pela empresa GAERENEZ Unipessoal, Lda. respons\u00e1vel pela reabilita\u00e7\u00e3o geral dos espa\u00e7os. Durante o lanche da manh\u00e3, o Sr. Simon Le Grand trocou impress\u00f5es com o Presidente da Funda\u00e7\u00e3o S\u00e3o Paulo, o Sr. Padre Augusto Martins, relativamente ao desenvolvimento deste projeto nas v\u00e1rias \u00e1reas envolvidas. Ao mesmo tempo, mostrou-se bastante impressionado com o desenvolvimento dos trabalhos e teceu elogios ao esfor\u00e7o da Funda\u00e7\u00e3o S\u00e3o Paulo da Diocese de D\u00edli pelo trabalho realizado.<\/p>\n","protected":false},"excerpt":{"rendered":"<p>No dia 14 de agosto de 2020, o Sr. Simon Le Grand fez a sua \u00faltima visita ao projeto de Refloresta\u00e7\u00e3o de Dare, financiado pela Uni\u00e3o Europeia. Fez-se acompanhar pela sua comitiva constitu\u00edda pela D. Dulce Gusm\u00e3o e o Sr. Johanes Mau. Durante a vista fizeram-se ainda acompanhar pelo Presidente da Funda\u00e7\u00e3o de S\u00e3o Paulo, [&hellip;]<\/p>\n","protected":false},"author":1,"featured_media":467,"comment_status":"open","ping_status":"open","sticky":false,"template":"","format":"standard","meta":{"_jetpack_memberships_contains_paid_content":false,"footnotes":"","jetpack_publicize_message":"","jetpack_publicize_feature_enabled":true,"jetpack_social_post_already_shared":true,"jetpack_social_options":{"image_generator_settings":{"template":"highway","enabled":false},"version":2}},"categories":[12,5,14],"tags":[],"class_list":["post-466","post","type-post","status-publish","format-standard","has-post-thumbnail","hentry","category-european-union","category-news","category-reflorestacao-de-dare"],"jetpack_publicize_connections":[],"jetpack_featured_media_url":"https:\/\/i0.wp.com\/www.fspdd.tl\/wp-content\/uploads\/2023\/06\/Simon-Le-Grand-scaled.jpg?fit=2560%2C1707&ssl=1","jetpack_sharing_enabled":true,"jetpack_likes_enabled":true,"_links":{"self":[{"href":"https:\/\/www.fspdd.tl\/index.php\/wp-json\/wp\/v2\/posts\/466","targetHints":{"allow":["GET"]}}],"collection":[{"href":"https:\/\/www.fspdd.tl\/index.php\/wp-json\/wp\/v2\/posts"}],"about":[{"href":"https:\/\/www.fspdd.tl\/index.php\/wp-json\/wp\/v2\/types\/post"}],"author":[{"embeddable":true,"href":"https:\/\/www.fspdd.tl\/index.php\/wp-json\/wp\/v2\/users\/1"}],"replies":[{"embeddable":true,"href":"https:\/\/www.fspdd.tl\/index.php\/wp-json\/wp\/v2\/comments?post=466"}],"version-history":[{"count":1,"href":"https:\/\/www.fspdd.tl\/index.php\/wp-json\/wp\/v2\/posts\/466\/revisions"}],"predecessor-version":[{"id":468,"href":"https:\/\/www.fspdd.tl\/index.php\/wp-json\/wp\/v2\/posts\/466\/revisions\/468"}],"wp:featuredmedia":[{"embeddable":true,"href":"https:\/\/www.fspdd.tl\/index.php\/wp-json\/wp\/v2\/media\/467"}],"wp:attachment":[{"href":"https:\/\/www.fspdd.tl\/index.php\/wp-json\/wp\/v2\/media?parent=466"}],"wp:term":[{"taxonomy":"category","embeddable":true,"href":"https:\/\/www.fspdd.tl\/index.php\/wp-json\/wp\/v2\/categories?post=466"},{"taxonomy":"post_tag","embeddable":true,"href":"https:\/\/www.fspdd.tl\/index.php\/wp-json\/wp\/v2\/tags?post=466"}],"curies":[{"name":"wp","href":"https:\/\/api.w.org\/{rel}","templated":true}]}}