{"id":469,"date":"2023-06-18T14:15:45","date_gmt":"2023-06-18T14:15:45","guid":{"rendered":"https:\/\/www.fspdd.tl\/?p=469"},"modified":"2023-06-23T08:02:18","modified_gmt":"2023-06-23T08:02:18","slug":"o-resultado-dos-primeiros-produtos-do-projeto-reflorestacao-de-dare-cafe-moka-e-cravinho","status":"publish","type":"post","link":"https:\/\/www.fspdd.tl\/index.php\/2023\/06\/18\/o-resultado-dos-primeiros-produtos-do-projeto-reflorestacao-de-dare-cafe-moka-e-cravinho\/","title":{"rendered":"O resultado dos primeiros produtos do Projeto refloresta\u00e7\u00e3o de Dare &#8211; Caf\u00e9 Moka e Cravinho"},"content":{"rendered":"<p style=\"text-align: justify;\">No dia 21 de agosto de 2020, a Funda\u00e7\u00e3o S\u00e3o Paulo Diocese de Dili (FSPDD), apresentou a produ\u00e7\u00e3o da primeira colheita de caf\u00e9 moka e cravinho em Dare. Esta colheita \u00e9 resultado das atividades realizadas ano 2 do projeto da \u201cRefloresta\u00e7\u00e3o de Dare\u201d financiado pela Uni\u00e3o Europeia. O grupo de vigilantes respons\u00e1vel pela colheita do caf\u00e9 moka e do cravinho, \u00e9 composto por sete pessoas. Nesta primeira colheita, conseguiram 160 kg (cento e sessenta kilos) de caf\u00e9 moka e 35 kg (trinta e cinco kilos) de cravinho. \u00c9 o mesmo grupo, respons\u00e1vel por todo o processo do tratamento do caf\u00e9, desde da secagem, passando pela torrifica\u00e7\u00e3o e moagem at\u00e9 a sua embalagem.<\/p>\n","protected":false},"excerpt":{"rendered":"<p>No dia 21 de agosto de 2020, a Funda\u00e7\u00e3o S\u00e3o Paulo Diocese de Dili (FSPDD), apresentou a produ\u00e7\u00e3o da primeira colheita de caf\u00e9 moka e cravinho em Dare. Esta colheita \u00e9 resultado das atividades realizadas ano 2 do projeto da \u201cRefloresta\u00e7\u00e3o de Dare\u201d financiado pela Uni\u00e3o Europeia. O grupo de vigilantes respons\u00e1vel pela colheita do [&hellip;]<\/p>\n","protected":false},"author":1,"featured_media":470,"comment_status":"open","ping_status":"open","sticky":false,"template":"","format":"standard","meta":{"_jetpack_memberships_contains_paid_content":false,"footnotes":"","jetpack_publicize_message":"","jetpack_publicize_feature_enabled":true,"jetpack_social_post_already_shared":true,"jetpack_social_options":{"image_generator_settings":{"template":"highway","enabled":false},"version":2}},"categories":[5,14],"tags":[],"class_list":["post-469","post","type-post","status-publish","format-standard","has-post-thumbnail","hentry","category-news","category-reflorestacao-de-dare"],"jetpack_publicize_connections":[],"jetpack_featured_media_url":"https:\/\/i0.wp.com\/www.fspdd.tl\/wp-content\/uploads\/2023\/06\/Cafe-moca.jpg?fit=1379%2C919&ssl=1","jetpack_sharing_enabled":true,"jetpack_likes_enabled":true,"_links":{"self":[{"href":"https:\/\/www.fspdd.tl\/index.php\/wp-json\/wp\/v2\/posts\/469","targetHints":{"allow":["GET"]}}],"collection":[{"href":"https:\/\/www.fspdd.tl\/index.php\/wp-json\/wp\/v2\/posts"}],"about":[{"href":"https:\/\/www.fspdd.tl\/index.php\/wp-json\/wp\/v2\/types\/post"}],"author":[{"embeddable":true,"href":"https:\/\/www.fspdd.tl\/index.php\/wp-json\/wp\/v2\/users\/1"}],"replies":[{"embeddable":true,"href":"https:\/\/www.fspdd.tl\/index.php\/wp-json\/wp\/v2\/comments?post=469"}],"version-history":[{"count":1,"href":"https:\/\/www.fspdd.tl\/index.php\/wp-json\/wp\/v2\/posts\/469\/revisions"}],"predecessor-version":[{"id":471,"href":"https:\/\/www.fspdd.tl\/index.php\/wp-json\/wp\/v2\/posts\/469\/revisions\/471"}],"wp:featuredmedia":[{"embeddable":true,"href":"https:\/\/www.fspdd.tl\/index.php\/wp-json\/wp\/v2\/media\/470"}],"wp:attachment":[{"href":"https:\/\/www.fspdd.tl\/index.php\/wp-json\/wp\/v2\/media?parent=469"}],"wp:term":[{"taxonomy":"category","embeddable":true,"href":"https:\/\/www.fspdd.tl\/index.php\/wp-json\/wp\/v2\/categories?post=469"},{"taxonomy":"post_tag","embeddable":true,"href":"https:\/\/www.fspdd.tl\/index.php\/wp-json\/wp\/v2\/tags?post=469"}],"curies":[{"name":"wp","href":"https:\/\/api.w.org\/{rel}","templated":true}]}}