{"id":478,"date":"2023-06-18T14:24:00","date_gmt":"2023-06-18T14:24:00","guid":{"rendered":"https:\/\/www.fspdd.tl\/?p=478"},"modified":"2023-06-18T14:24:00","modified_gmt":"2023-06-18T14:24:00","slug":"dia-mundial-da-limpeza-das-praias","status":"publish","type":"post","link":"https:\/\/www.fspdd.tl\/index.php\/2023\/06\/18\/dia-mundial-da-limpeza-das-praias\/","title":{"rendered":"Dia mundial da limpeza das praias"},"content":{"rendered":"<p style=\"text-align: justify;\">Hoje dia 19 de setembro de 2020 comemora-se o dia mundial da limpeza das praias. Por este motivo, a Uni\u00e3o Europeia, juntamente com o Movimento Tasi Mos, tomou a iniciativa de convidar a participar v\u00e1rias organiza\u00e7\u00f5es da sociedade civil, incluindo a equipa da Funda\u00e7\u00e3o de S\u00e3o Paulo Diocese de Dili do projeto de Refloresta\u00e7\u00e3o de Dare, financiada pela Uni\u00e3o Europeia, que pela primeira vez marca presen\u00e7a nesta atividade. A iniciativa teve lugar na praia de DOLOK OAN, com objetivo de limpar a praia e consciencializar os participantes da import\u00e2ncia de manter as praias sempre limpas, e alertando tamb\u00e9m para os impactos negativos a n\u00edvel mundial da polui\u00e7\u00e3o dos mares, se, no entanto, n\u00e3o tivermos desde j\u00e1 a consci\u00eancia ambiental de proteger as praias.<\/p>\n","protected":false},"excerpt":{"rendered":"<p>Hoje dia 19 de setembro de 2020 comemora-se o dia mundial da limpeza das praias. Por este motivo, a Uni\u00e3o Europeia, juntamente com o Movimento Tasi Mos, tomou a iniciativa de convidar a participar v\u00e1rias organiza\u00e7\u00f5es da sociedade civil, incluindo a equipa da Funda\u00e7\u00e3o de S\u00e3o Paulo Diocese de Dili do projeto de Refloresta\u00e7\u00e3o de [&hellip;]<\/p>\n","protected":false},"author":1,"featured_media":479,"comment_status":"open","ping_status":"open","sticky":false,"template":"","format":"standard","meta":{"_jetpack_memberships_contains_paid_content":false,"footnotes":"","jetpack_publicize_message":"","jetpack_publicize_feature_enabled":true,"jetpack_social_post_already_shared":true,"jetpack_social_options":{"image_generator_settings":{"template":"highway","enabled":false},"version":2}},"categories":[12,5],"tags":[],"class_list":["post-478","post","type-post","status-publish","format-standard","has-post-thumbnail","hentry","category-european-union","category-news"],"jetpack_publicize_connections":[],"jetpack_featured_media_url":"https:\/\/i0.wp.com\/www.fspdd.tl\/wp-content\/uploads\/2023\/06\/Hamos-tasi_FSPDD-2.jpg?fit=1834%2C1223&ssl=1","jetpack_sharing_enabled":true,"jetpack_likes_enabled":true,"_links":{"self":[{"href":"https:\/\/www.fspdd.tl\/index.php\/wp-json\/wp\/v2\/posts\/478","targetHints":{"allow":["GET"]}}],"collection":[{"href":"https:\/\/www.fspdd.tl\/index.php\/wp-json\/wp\/v2\/posts"}],"about":[{"href":"https:\/\/www.fspdd.tl\/index.php\/wp-json\/wp\/v2\/types\/post"}],"author":[{"embeddable":true,"href":"https:\/\/www.fspdd.tl\/index.php\/wp-json\/wp\/v2\/users\/1"}],"replies":[{"embeddable":true,"href":"https:\/\/www.fspdd.tl\/index.php\/wp-json\/wp\/v2\/comments?post=478"}],"version-history":[{"count":1,"href":"https:\/\/www.fspdd.tl\/index.php\/wp-json\/wp\/v2\/posts\/478\/revisions"}],"predecessor-version":[{"id":480,"href":"https:\/\/www.fspdd.tl\/index.php\/wp-json\/wp\/v2\/posts\/478\/revisions\/480"}],"wp:featuredmedia":[{"embeddable":true,"href":"https:\/\/www.fspdd.tl\/index.php\/wp-json\/wp\/v2\/media\/479"}],"wp:attachment":[{"href":"https:\/\/www.fspdd.tl\/index.php\/wp-json\/wp\/v2\/media?parent=478"}],"wp:term":[{"taxonomy":"category","embeddable":true,"href":"https:\/\/www.fspdd.tl\/index.php\/wp-json\/wp\/v2\/categories?post=478"},{"taxonomy":"post_tag","embeddable":true,"href":"https:\/\/www.fspdd.tl\/index.php\/wp-json\/wp\/v2\/tags?post=478"}],"curies":[{"name":"wp","href":"https:\/\/api.w.org\/{rel}","templated":true}]}}