{"id":494,"date":"2023-06-18T14:40:08","date_gmt":"2023-06-18T14:40:08","guid":{"rendered":"https:\/\/www.fspdd.tl\/?p=494"},"modified":"2023-06-23T07:54:30","modified_gmt":"2023-06-23T07:54:30","slug":"arcebispo-dom-virgilio-do-carmo-da-silva-sdb-visita-feira-produto-pao-nebe-promove-hosi-estudante-pro-ema-iha-paroquia-dare","status":"publish","type":"post","link":"https:\/\/www.fspdd.tl\/index.php\/2023\/06\/18\/arcebispo-dom-virgilio-do-carmo-da-silva-sdb-visita-feira-produto-pao-nebe-promove-hosi-estudante-pro-ema-iha-paroquia-dare\/","title":{"rendered":"Arcebispo Dom Virg\u00edlio do Carmo da Silva, SDB visita Feira produto p\u00e3o, neb\u00e9 promove hosi estudante PRO EMA iha Par\u00f3quia Dare"},"content":{"rendered":"<p style=\"text-align: justify;\">Ohin, 5 dezembro 2020, iha tuku 10h30 OTL, Arcebispo Dom Virg\u00edlio do Carmo da Silva, SDB celebra missa hamutuk ho amululik com celebrante sira hosi Vigararia For\u00e2nea Aileu, no, sarani tomak hosi par\u00f3quia Dare nian hodi comemora festa padroeira S\u00e3o Franciso Xavier, mahein par\u00f3quia Dare. Durante celebra\u00e7\u00e3o Eucar\u00edsitca ida ne\u2019e, Arcebispo mos fo Sacramento Crisma ba crismado hamutuk ema nain 12 (sanulu resin rua). Atividade seluk iha \u00e2mbito celebra\u00e7\u00e3o festa padroeira ida ne\u2019e, Amu P\u00e1roco de Dare, Pe. Abril Lopes ho sarani sira organiza atividade feira ba produto local, no mos atividade seluk-seluk tan hahu hosi loron 01-05 dezembro, 2020 iha campo footsal par\u00f3quia Dare. Iha biban ida ne\u2019e, estudante sira hosi Funda\u00e7\u00e3o S\u00e3o Paulo neb\u00e9 mak tuir ona forma\u00e7\u00e3o Gastronomia B\u00e1sica iha PRO EMA, hetan mos convite atu halo promo\u00e7\u00e3o konaba produto sira mak hanesan: p\u00e3o halo hosi lakeru, talas no fehuk midar, no, bolinhos halo hosi kaj\u00fa hodi promove iha feira, par\u00f3quia Dare. Nune\u2019e, liu tiha celebra\u00e7\u00e3o Eucar\u00edstica, Arcebispo Dom Virg\u00edlio do Carmo da Silva, SDB hakat ba visita tenda ida-idak iha feira, inclui mos tenda nebe mak estudante Funda\u00e7\u00e3o S\u00e3o Paulo promove hela produto sira neb\u00e9 mak hanesan temi ona iha leten. Arcebispo Dom Virg\u00edlio acompanha hosi amu p\u00e1roco de Dare, Pe. Abril Lopes, no mos amululik sira seluk, experimenta direita produto p\u00e3o no bolinhos nebe mak produz hosi estudante Funda\u00e7\u00e3o S\u00e3o Paulo. Estudante sira senti haksolok tamba Arcebispo Dom Virg\u00edlio ho amululik sira bele conhece diak liu tan resultado hosi produto nebe mak estudante sira rasik mak produz no promove iha Dare, liuliu iha \u00e2mbito projeto \u201cRefloresta\u00e7\u00e3o de Dare\u201d, Financia hosi Uni\u00e3o Europeia.<\/p>\n<p style=\"text-align: justify;\">Iha loron 21 &#8211; 22 Novembro, Funda\u00e7\u00e3o Oriente organiza evento Mercado de Natal (Christmas Market 2020) hodi comemora festa natal ba tinan 2020. Funda\u00e7\u00e3o S\u00e3o Paulo Diocese Dili (FSPDD) hetan mos biban hodi participa iha evento ida ne\u2019e. Formando sira neb\u00e9 mak durante ne\u2019e tuir hela forma\u00e7\u00e3o gastronomia b\u00e1sica no atendimento iha PRO EMA, experimenta halo rasik p\u00e3o hosi lakeru, fehuk midar no talas hodi fan iha evento Mercado de Natal durante loron rua, s\u00e1bado no domingo (21-22 novembro) husi tuku 15h00 to\u2019o 20h00 iha fatin exposi\u00e7\u00e3o Funda\u00e7\u00e3o Oriente. Produto seluk nebe mak promove mos iha Merado de Natal mak caf\u00e9 moca, caf\u00e9 robusta no cravinho (cengkeh) mai planta\u00e7\u00e3o Dare, iha \u00e1rea interven\u00e7\u00e3o projeto \u201cRefloresta\u00e7\u00e3o de Dare\u201d, financia hosi Uni\u00e3o Europeia iha Timor Leste.<\/p>\n","protected":false},"excerpt":{"rendered":"<p>Ohin, 5 dezembro 2020, iha tuku 10h30 OTL, Arcebispo Dom Virg\u00edlio do Carmo da Silva, SDB celebra missa hamutuk ho amululik com celebrante sira hosi Vigararia For\u00e2nea Aileu, no, sarani tomak hosi par\u00f3quia Dare nian hodi comemora festa padroeira S\u00e3o Franciso Xavier, mahein par\u00f3quia Dare. Durante celebra\u00e7\u00e3o Eucar\u00edsitca ida ne\u2019e, Arcebispo mos fo Sacramento Crisma [&hellip;]<\/p>\n","protected":false},"author":1,"featured_media":495,"comment_status":"open","ping_status":"open","sticky":false,"template":"","format":"standard","meta":{"_jetpack_memberships_contains_paid_content":false,"footnotes":"","jetpack_publicize_message":"","jetpack_publicize_feature_enabled":true,"jetpack_social_post_already_shared":true,"jetpack_social_options":{"image_generator_settings":{"template":"highway","enabled":false},"version":2}},"categories":[5,14],"tags":[],"class_list":["post-494","post","type-post","status-publish","format-standard","has-post-thumbnail","hentry","category-news","category-reflorestacao-de-dare"],"jetpack_publicize_connections":[],"jetpack_featured_media_url":"https:\/\/i0.wp.com\/www.fspdd.tl\/wp-content\/uploads\/2023\/06\/Feira-Dare_051220.jpg?fit=1384%2C923&ssl=1","jetpack_sharing_enabled":true,"jetpack_likes_enabled":true,"_links":{"self":[{"href":"https:\/\/www.fspdd.tl\/index.php\/wp-json\/wp\/v2\/posts\/494","targetHints":{"allow":["GET"]}}],"collection":[{"href":"https:\/\/www.fspdd.tl\/index.php\/wp-json\/wp\/v2\/posts"}],"about":[{"href":"https:\/\/www.fspdd.tl\/index.php\/wp-json\/wp\/v2\/types\/post"}],"author":[{"embeddable":true,"href":"https:\/\/www.fspdd.tl\/index.php\/wp-json\/wp\/v2\/users\/1"}],"replies":[{"embeddable":true,"href":"https:\/\/www.fspdd.tl\/index.php\/wp-json\/wp\/v2\/comments?post=494"}],"version-history":[{"count":1,"href":"https:\/\/www.fspdd.tl\/index.php\/wp-json\/wp\/v2\/posts\/494\/revisions"}],"predecessor-version":[{"id":496,"href":"https:\/\/www.fspdd.tl\/index.php\/wp-json\/wp\/v2\/posts\/494\/revisions\/496"}],"wp:featuredmedia":[{"embeddable":true,"href":"https:\/\/www.fspdd.tl\/index.php\/wp-json\/wp\/v2\/media\/495"}],"wp:attachment":[{"href":"https:\/\/www.fspdd.tl\/index.php\/wp-json\/wp\/v2\/media?parent=494"}],"wp:term":[{"taxonomy":"category","embeddable":true,"href":"https:\/\/www.fspdd.tl\/index.php\/wp-json\/wp\/v2\/categories?post=494"},{"taxonomy":"post_tag","embeddable":true,"href":"https:\/\/www.fspdd.tl\/index.php\/wp-json\/wp\/v2\/tags?post=494"}],"curies":[{"name":"wp","href":"https:\/\/api.w.org\/{rel}","templated":true}]}}