{"id":497,"date":"2023-06-18T14:47:29","date_gmt":"2023-06-18T14:47:29","guid":{"rendered":"https:\/\/www.fspdd.tl\/?p=497"},"modified":"2023-06-23T07:53:40","modified_gmt":"2023-06-23T07:53:40","slug":"formado-37-simu-certificado-turismo-hospitalidade-gastronomia-iha-centro-retiro-de-dare-iha-loron-11-dezembro-2020","status":"publish","type":"post","link":"https:\/\/www.fspdd.tl\/index.php\/2023\/06\/18\/formado-37-simu-certificado-turismo-hospitalidade-gastronomia-iha-centro-retiro-de-dare-iha-loron-11-dezembro-2020\/","title":{"rendered":"Formado 37 simu certificado Turismo, Hospitalidade &#038; Gastronomia iha Centro Retiro de Dare iha loron 11 dezembro 2020"},"content":{"rendered":"<p style=\"text-align: justify;\">Formado 37 (Mane:12 \/ Feto: 25) neb\u00e9 tuir ona Forma\u00e7\u00e3o iha East Timor Development Agency (ETDA) no PRO EMA durante fulan 4 (haat) iha \u00e1rea Turismo, Hospitalidade &amp; Gastronomia simu certificado hosi Embaixador Uni\u00e3o Europeia iha Timor Leste, Sr. Andrew Jacobs, Arcebispo Metropolit\u00e1 de Dili, Dom Virg\u00edlio do Carmo da Silva, SDB no Vice-Ministra do Turismo Comunit\u00e1rio e Cultural, Sra. In\u00e1cia da Concei\u00e7\u00e3o Teixeira iha Sala de Confer\u00eancia \u2013 Centro Retiro de Dare. Durante per\u00edodo form\u00e7\u00e3o iha \u00e1rea Turismo ida ne\u2019e, participante sira ne\u2019e fahe ba grupo rua: Grupo ida ho total 21 pessoas (mane: 10 \/ feto: 11) tuir forma\u00e7\u00e3o kona ba Turismo no Hospitalidade durante loron 40 (10 agosto-02 outubro, 2020) iha <em>East Timor Development Agency (ETDA)<\/em>, nune\u2019e mos, grupo ida seluk composto hosi 16 pessoas (feto: 15 \/ mane: 1) tuir forma\u00e7\u00e3o Gastronomia B\u00e1sica &amp; Atendimento iha PRO EMA durante 90 dias (04 agosto-30 novembro). Grupo ida uluk nebe mak tuir tiha forma\u00e7\u00e3o Turismo no Hospitalidade iha ETDA, continua tuir forma\u00e7\u00e3o kona ba Higiene, gastronomia no servi\u00e7o atendimento iha PRO EMA durante 50 dias (04 outubro \u2013 04 dezembro). Iha discurso Sr. Andrew Jacobs nian, congratula formado sira neb\u00e9 mak tuir ona forma\u00e7\u00e3o iha \u00e1rea Turismo no Hospitalidade durante per\u00edodo forma\u00e7\u00e3o nian, no mos hein katak resultado hosi forma\u00e7\u00e3o ida ne\u2019e sei lori duni vantagem boot ida ba comunidade suco Dare, liu hosi hadia qualidade economia fam\u00edlia nian. Presidente Conselho Administrativo no Administrador Geral FSPDD, Rev. Pe. Augusto do Carmo Martins, iha ninia discurso haktuir katak, forma\u00e7\u00e3o ida ne\u2019e, halo duni mudan\u00e7a ida iha formado sira, liu hosi nia habilidade neb\u00e9 mak iha. Maib\u00e9, laos deit iha mudan\u00e7a, mas tenki iha avan\u00e7a. Significa katak avan\u00e7a ho vis\u00e3o no mehi nebe mak luan, avan\u00e7a iha vis\u00e3o ida hakarak transforma vida ida iha fam\u00edlia, hakarak hadia rendimento no economia fam\u00edlia nian, no mos desenvolvemento turismo local iha comunidade suco Dare. Nune\u2019e mos, Arcebispo Metropolitana de Dili, Dom Virg\u00edlio do Carmo da Silva, SDB, iha ninia discurso haktuir katak espa\u00e7o Centro Retiro Dare ida ne\u2019e sei precisa recurso humano atu halo servi\u00e7o hodi tau matan, hadia no hasa\u2019e qualidade atendimento nian ba cliente sira. Tamba ne\u2019e mak liu hosi Projeto \u201cRefloresta\u00e7\u00e3o de Dare\u201d iha mos forma\u00e7\u00e3o \u00e1rea Turismo nian ba foin sa\u2019e sira hosi Dare. Marca mos presen\u00e7a iha cerim\u00f3nia Entrega Certificado ida ne\u2019e, Vice-Ministra Turismo Comunit\u00e1rio e Cultural, Sra. In\u00e1cia da Concei\u00e7\u00e3o Teixeira. Iha ninia discurso, Vice-Ministra haktuir katak tuir teoria, Turismo no Hospitalidade ne\u2019e hanesan isin no klamar nebe mak haketak malu. Turismo tanesan nu\u2019udar isin, no, Hospitalidade tanesan nu\u2019udar klamar. Nune\u2019e, turismo no hospitalidade tenki fo apoio ba malu, liu-liu iha campo neg\u00f3cio nian. Bas\u00e1, iha campo neg\u00f3cio, consumidor, ou, cliente mak liurai. Nune\u2019e, atu atrai consumidor sira hakbesik mai iha ita nia fatin, tenki halo atendimento nebe mak diak ba sira. Hein katak forma\u00e7\u00e3o iha tempo badak nia laran ida ne\u2019e, bele sai hanesan buka\u2019e ida hodi bele desenvolve di\u2019ak liu tan iha sector turismo nian liuliu iha \u00e1rea Suco Dare.<img data-recalc-dims=\"1\" fetchpriority=\"high\" decoding=\"async\" class=\"size-medium wp-image-499 alignleft\" src=\"https:\/\/i0.wp.com\/www.fspdd.tl\/wp-content\/uploads\/2023\/06\/DSC_6674.jpg?resize=300%2C200&#038;ssl=1\" alt=\"\" width=\"300\" height=\"200\" srcset=\"https:\/\/i0.wp.com\/www.fspdd.tl\/wp-content\/uploads\/2023\/06\/DSC_6674-scaled.jpg?resize=300%2C200&amp;ssl=1 300w, https:\/\/i0.wp.com\/www.fspdd.tl\/wp-content\/uploads\/2023\/06\/DSC_6674-scaled.jpg?resize=1024%2C683&amp;ssl=1 1024w, https:\/\/i0.wp.com\/www.fspdd.tl\/wp-content\/uploads\/2023\/06\/DSC_6674-scaled.jpg?resize=768%2C512&amp;ssl=1 768w, https:\/\/i0.wp.com\/www.fspdd.tl\/wp-content\/uploads\/2023\/06\/DSC_6674-scaled.jpg?resize=1536%2C1024&amp;ssl=1 1536w, https:\/\/i0.wp.com\/www.fspdd.tl\/wp-content\/uploads\/2023\/06\/DSC_6674-scaled.jpg?resize=2048%2C1365&amp;ssl=1 2048w, https:\/\/i0.wp.com\/www.fspdd.tl\/wp-content\/uploads\/2023\/06\/DSC_6674-scaled.jpg?w=1280&amp;ssl=1 1280w, https:\/\/i0.wp.com\/www.fspdd.tl\/wp-content\/uploads\/2023\/06\/DSC_6674-scaled.jpg?w=1920&amp;ssl=1 1920w\" sizes=\"(max-width: 300px) 100vw, 300px\" \/><\/p>\n<p style=\"text-align: justify;\">Resultado hosi forma\u00e7\u00e3o ida ne\u2019e, mak hatudu liu hosi estudante Abril Marqu\u00eas tuir ona competi\u00e7\u00e3o Barista iha evento <em>Road to Expo Dubai 2021<\/em>, ho hetan resultado 1\u00ba. Lugar (14 novembro, 2020) no 3\u00ba. Lugar iha competi\u00e7\u00e3o nacional <em>Fruit Craving Worldskill<\/em> iha sal\u00e3o Don Bosco Comoro (19 novembro, 2020).<\/p>\n<p style=\"text-align: justify;\">Representante formado sira, Rosito no Delfina, iha sira nia discurso hato\u2019o agredecimento wain ba Funda\u00e7\u00e3o S\u00e3o Paulo, servi\u00e7o hamutuk ho ONG RAEBIA hodi bele realiza atividade forma\u00e7\u00e3o ida ne\u2019e ba foin sa\u2019e sira iha Suco Dare. Sira mos hato\u2019o agredecimento wain ba formador ETDA no PRO EMA neb\u00e9 pasci\u00eancia hodi educa no motiva sira atu bele desenvolve di\u2019ak liu tan iha \u00e1rea turismo no hospitalidade. Formada Delfina, sugere ba Funda\u00e7\u00e3o S\u00e3o Paulo ho Uni\u00e3o Europeia iha Timor Leste, atu atividade capacita\u00e7\u00e3o feto foin sa\u2019e sira iha suco Dare bele continua tan iha futuro. Marca presen\u00e7a iha cerim\u00f3nia ida ne\u2019e, representante inan-aman hosi formado sira, autoridade local no Lia Nain suco Dare.<img data-recalc-dims=\"1\" decoding=\"async\" class=\"size-medium wp-image-500 alignleft\" src=\"https:\/\/i0.wp.com\/www.fspdd.tl\/wp-content\/uploads\/2023\/06\/FOTOSI1.jpg?resize=300%2C200&#038;ssl=1\" alt=\"\" width=\"300\" height=\"200\" srcset=\"https:\/\/i0.wp.com\/www.fspdd.tl\/wp-content\/uploads\/2023\/06\/FOTOSI1.jpg?resize=300%2C200&amp;ssl=1 300w, https:\/\/i0.wp.com\/www.fspdd.tl\/wp-content\/uploads\/2023\/06\/FOTOSI1.jpg?resize=1024%2C683&amp;ssl=1 1024w, https:\/\/i0.wp.com\/www.fspdd.tl\/wp-content\/uploads\/2023\/06\/FOTOSI1.jpg?resize=768%2C512&amp;ssl=1 768w, https:\/\/i0.wp.com\/www.fspdd.tl\/wp-content\/uploads\/2023\/06\/FOTOSI1.jpg?w=1384&amp;ssl=1 1384w, https:\/\/i0.wp.com\/www.fspdd.tl\/wp-content\/uploads\/2023\/06\/FOTOSI1.jpg?w=1280&amp;ssl=1 1280w\" sizes=\"(max-width: 300px) 100vw, 300px\" \/><\/p>\n<p style=\"text-align: justify;\">Cerim\u00f3nia Entrega Certificado Turismo, Hospitalidade &amp; Gastronomia hala\u2019o iha \u00e2mbito projeto \u201cRefloresta\u00e7\u00e3o de Dare\u201d, financia hosi Uni\u00e3o Europeia iha Timor Leste. <em>(Hosi: Rogaia Am\u00e9lia Castro)<\/em><\/p>\n","protected":false},"excerpt":{"rendered":"<p>Formado 37 (Mane:12 \/ Feto: 25) neb\u00e9 tuir ona Forma\u00e7\u00e3o iha East Timor Development Agency (ETDA) no PRO EMA durante fulan 4 (haat) iha \u00e1rea Turismo, Hospitalidade &amp; Gastronomia simu certificado hosi Embaixador Uni\u00e3o Europeia iha Timor Leste, Sr. Andrew Jacobs, Arcebispo Metropolit\u00e1 de Dili, Dom Virg\u00edlio do Carmo da Silva, SDB no Vice-Ministra do [&hellip;]<\/p>\n","protected":false},"author":1,"featured_media":498,"comment_status":"open","ping_status":"open","sticky":false,"template":"","format":"standard","meta":{"_jetpack_memberships_contains_paid_content":false,"footnotes":"","jetpack_publicize_message":"","jetpack_publicize_feature_enabled":true,"jetpack_social_post_already_shared":true,"jetpack_social_options":{"image_generator_settings":{"template":"highway","enabled":false},"version":2}},"categories":[5,14],"tags":[],"class_list":["post-497","post","type-post","status-publish","format-standard","has-post-thumbnail","hentry","category-news","category-reflorestacao-de-dare"],"jetpack_publicize_connections":[],"jetpack_featured_media_url":"https:\/\/i0.wp.com\/www.fspdd.tl\/wp-content\/uploads\/2023\/06\/DSC_6600-scaled.jpg?fit=2560%2C1707&ssl=1","jetpack_sharing_enabled":true,"jetpack_likes_enabled":true,"_links":{"self":[{"href":"https:\/\/www.fspdd.tl\/index.php\/wp-json\/wp\/v2\/posts\/497","targetHints":{"allow":["GET"]}}],"collection":[{"href":"https:\/\/www.fspdd.tl\/index.php\/wp-json\/wp\/v2\/posts"}],"about":[{"href":"https:\/\/www.fspdd.tl\/index.php\/wp-json\/wp\/v2\/types\/post"}],"author":[{"embeddable":true,"href":"https:\/\/www.fspdd.tl\/index.php\/wp-json\/wp\/v2\/users\/1"}],"replies":[{"embeddable":true,"href":"https:\/\/www.fspdd.tl\/index.php\/wp-json\/wp\/v2\/comments?post=497"}],"version-history":[{"count":1,"href":"https:\/\/www.fspdd.tl\/index.php\/wp-json\/wp\/v2\/posts\/497\/revisions"}],"predecessor-version":[{"id":501,"href":"https:\/\/www.fspdd.tl\/index.php\/wp-json\/wp\/v2\/posts\/497\/revisions\/501"}],"wp:featuredmedia":[{"embeddable":true,"href":"https:\/\/www.fspdd.tl\/index.php\/wp-json\/wp\/v2\/media\/498"}],"wp:attachment":[{"href":"https:\/\/www.fspdd.tl\/index.php\/wp-json\/wp\/v2\/media?parent=497"}],"wp:term":[{"taxonomy":"category","embeddable":true,"href":"https:\/\/www.fspdd.tl\/index.php\/wp-json\/wp\/v2\/categories?post=497"},{"taxonomy":"post_tag","embeddable":true,"href":"https:\/\/www.fspdd.tl\/index.php\/wp-json\/wp\/v2\/tags?post=497"}],"curies":[{"name":"wp","href":"https:\/\/api.w.org\/{rel}","templated":true}]}}