{"id":587,"date":"2023-06-19T07:29:33","date_gmt":"2023-06-19T07:29:33","guid":{"rendered":"https:\/\/www.fspdd.tl\/?p=587"},"modified":"2023-06-23T01:57:38","modified_gmt":"2023-06-23T01:57:38","slug":"existencia-cantina-patris-corde-arquidiocese-metropolitana-dili-marca-tan-historia-foun","status":"publish","type":"post","link":"https:\/\/www.fspdd.tl\/index.php\/2023\/06\/19\/existencia-cantina-patris-corde-arquidiocese-metropolitana-dili-marca-tan-historia-foun\/","title":{"rendered":"Exist\u00eancia Cantina \u201cPATRIS CORDE\u201d, Arquidiocese Metropolitana Dili marca tan hist\u00f3ria foun"},"content":{"rendered":"<p style=\"text-align: justify;\">Ohin, quinta-feira, loron 10 junho, 2021, tuku 09h30 OTL, iha recinto Arquidiocese D\u00edli, realiza cerim\u00f3nia inaugura\u00e7\u00e3o ba Cantina \u201cPATRIS CORDE\u201d (Tt: \u201cFuan Aman Ida Nian). Cantina ida ne\u2019e nu\u2019udar cantina dahuluk neb\u00e9 existe iha recinto C\u00e2mara Ecelesi\u00e1stica Arquidiocese Dili hodi fo apoio alimenta\u00e7\u00e3o ba staff no cliente sira iha recinto C\u00e2mara Eclesi\u00e1stica. \u201cCantina ida ne\u2019e ho naran \u201cPATRIS CORDE\u201d ka \u201cFuan Aman Ida Nian\u201d tamba tinan 2021 ida ne\u2019e Igreja Universal celebra tinan ba \u201cFuan Aman Ida Nian\u201d, dehan Dom Virg\u00edlio iha ninia discurso. \u201cExist\u00eancia hosi cantina \u201cPATRIS CORDE\u201d ho objetivo atu facilita fali trabalhador sira hosi cada departamento iha arquidiocese nian neb\u00e9 hala\u2019o servi\u00e7o iha escrit\u00f3rio geral Arquidiocese Metropolitana, Dili, no mos atu facilita cliente hirak neb\u00e9 mak hakat mai trata documento sira iha dire\u00e7\u00e3o chancelaria Arquidiocese nian\u201d, tenik Arcebispo Dom Virg\u00edlio.<\/p>\n<p style=\"text-align: justify;\">Gest\u00e3o tomak ba Cantina \u201cPATRIS CORDE\u201d sei hala\u2019o hosi Funda\u00e7\u00e3o S\u00e3o Paulo Diocese de D\u00edli (FSPDD). Iha discurso Presidente FSPDD nian, Pe. Augusto Martins, dehan: \u201cpessoal hirak neb\u00e9 mak sei hala\u2019o servi\u00e7o iha Cantina \u201cPATRIS CORDE\u201d mai hosi foinsa\u2019e hirak neb\u00e9 mak hetan ona forma\u00e7\u00e3o iha \u00e1rea Turismo Hospitalidade no Gastronomia B\u00e1sica &amp; Atendimento iha ETDA no PROEMA liu hosi projeto \u201cRefloresta\u00e7\u00e3o de Dare\u201d neb\u00e9 financia hosi Uni\u00e3o Europeia iha tinan kotuk liu ba.\u201d Nia hatutan tan dehan: \u201cMontante inicial ba investimento Cantina ida ne\u2019e ho valor USD 10,000.00. Montante ida ne\u2019e sei fahe ba custo instala\u00e7\u00e3o ba equipamento cozinha nian no mos sal\u00e1rio ba pessoal sira iha cantina ne\u2019e rasik.\u201d Iha sorin seluk pessoal sira hosi Cantina \u201cPATRIS CORDE\u201d halo apresenta\u00e7\u00e3o konaba menu hirak neb\u00e9 mak sei ofere\u00e7e hosi Cantina \u201cPATRIS CORDE\u201d, hosi cada unidade mak hanesan: restaurante, paderia, cafetaria, babidas no frutas.<img data-recalc-dims=\"1\" fetchpriority=\"high\" decoding=\"async\" class=\"size-medium wp-image-552 alignleft\" src=\"https:\/\/i0.wp.com\/www.fspdd.tl\/wp-content\/uploads\/2023\/06\/cantina-2.jpg?resize=300%2C200&#038;ssl=1\" alt=\"\" width=\"300\" height=\"200\" srcset=\"https:\/\/i0.wp.com\/www.fspdd.tl\/wp-content\/uploads\/2023\/06\/cantina-2.jpg?resize=300%2C200&amp;ssl=1 300w, https:\/\/i0.wp.com\/www.fspdd.tl\/wp-content\/uploads\/2023\/06\/cantina-2.jpg?resize=1024%2C683&amp;ssl=1 1024w, https:\/\/i0.wp.com\/www.fspdd.tl\/wp-content\/uploads\/2023\/06\/cantina-2.jpg?resize=768%2C512&amp;ssl=1 768w, https:\/\/i0.wp.com\/www.fspdd.tl\/wp-content\/uploads\/2023\/06\/cantina-2.jpg?w=1380&amp;ssl=1 1380w, https:\/\/i0.wp.com\/www.fspdd.tl\/wp-content\/uploads\/2023\/06\/cantina-2.jpg?w=1280&amp;ssl=1 1280w\" sizes=\"(max-width: 300px) 100vw, 300px\" \/><\/p>\n<p style=\"text-align: justify;\">Participa iha atividade inaugura\u00e7\u00e3o cantina \u201cPATRIS CORDE\u201d ida ne\u2019e mesak diretor no staff sira hosi cada Departamento Arquidiocese Dili nian mak hanesan Comiss\u00e3o da Justi\u00e7a e Paz, Caritas Diocesana D\u00edli, DEJUKDIL, Departamento da Educa\u00e7\u00e3o, Engenaria Comiss\u00e3o T\u00e9cnica Diocesana, no staff sira hosi Economato, Chancelaria no Funda\u00e7\u00e3o S\u00e3o Paulo Diocese Dili.<\/p>\n<p style=\"text-align: justify;\">Hor\u00e1rio ba atendimento hosi Cantina \u201cPATRIS CORDE\u201d hah\u00fa loke hosi tuku 08:00 \u2013 18:00 OTL hosi loron Segunda-feira to\u2019o Sexta-feira. Pre\u00e7o hosi produto hira neb\u00e9 mak sei ofere\u00e7e hosi Cantina \u201cPATRIS CORDE\u201d hah\u00fa hosi montante USD 0.25 \u2013 USD 2.50. Cantina ida ne\u2019e mos bele ofere\u00e7e<em> Catering<\/em> ba cliente hirak neb\u00e9 mak iha interesse. <em>(Rogaia Castro)<\/em><\/p>\n","protected":false},"excerpt":{"rendered":"<p>Ohin, quinta-feira, loron 10 junho, 2021, tuku 09h30 OTL, iha recinto Arquidiocese D\u00edli, realiza cerim\u00f3nia inaugura\u00e7\u00e3o ba Cantina \u201cPATRIS CORDE\u201d (Tt: \u201cFuan Aman Ida Nian). Cantina ida ne\u2019e nu\u2019udar cantina dahuluk neb\u00e9 existe iha recinto C\u00e2mara Ecelesi\u00e1stica Arquidiocese Dili hodi fo apoio alimenta\u00e7\u00e3o ba staff no cliente sira iha recinto C\u00e2mara Eclesi\u00e1stica. \u201cCantina ida ne\u2019e [&hellip;]<\/p>\n","protected":false},"author":1,"featured_media":551,"comment_status":"open","ping_status":"open","sticky":false,"template":"","format":"standard","meta":{"_jetpack_memberships_contains_paid_content":false,"footnotes":"","jetpack_publicize_message":"","jetpack_publicize_feature_enabled":true,"jetpack_social_post_already_shared":true,"jetpack_social_options":{"image_generator_settings":{"template":"highway","enabled":false},"version":2}},"categories":[5],"tags":[],"class_list":["post-587","post","type-post","status-publish","format-standard","has-post-thumbnail","hentry","category-news"],"jetpack_publicize_connections":[],"jetpack_featured_media_url":"https:\/\/i0.wp.com\/www.fspdd.tl\/wp-content\/uploads\/2023\/06\/Patris-Corde.jpg?fit=900%2C600&ssl=1","jetpack_sharing_enabled":true,"jetpack_likes_enabled":true,"_links":{"self":[{"href":"https:\/\/www.fspdd.tl\/index.php\/wp-json\/wp\/v2\/posts\/587","targetHints":{"allow":["GET"]}}],"collection":[{"href":"https:\/\/www.fspdd.tl\/index.php\/wp-json\/wp\/v2\/posts"}],"about":[{"href":"https:\/\/www.fspdd.tl\/index.php\/wp-json\/wp\/v2\/types\/post"}],"author":[{"embeddable":true,"href":"https:\/\/www.fspdd.tl\/index.php\/wp-json\/wp\/v2\/users\/1"}],"replies":[{"embeddable":true,"href":"https:\/\/www.fspdd.tl\/index.php\/wp-json\/wp\/v2\/comments?post=587"}],"version-history":[{"count":1,"href":"https:\/\/www.fspdd.tl\/index.php\/wp-json\/wp\/v2\/posts\/587\/revisions"}],"predecessor-version":[{"id":588,"href":"https:\/\/www.fspdd.tl\/index.php\/wp-json\/wp\/v2\/posts\/587\/revisions\/588"}],"wp:featuredmedia":[{"embeddable":true,"href":"https:\/\/www.fspdd.tl\/index.php\/wp-json\/wp\/v2\/media\/551"}],"wp:attachment":[{"href":"https:\/\/www.fspdd.tl\/index.php\/wp-json\/wp\/v2\/media?parent=587"}],"wp:term":[{"taxonomy":"category","embeddable":true,"href":"https:\/\/www.fspdd.tl\/index.php\/wp-json\/wp\/v2\/categories?post=587"},{"taxonomy":"post_tag","embeddable":true,"href":"https:\/\/www.fspdd.tl\/index.php\/wp-json\/wp\/v2\/tags?post=587"}],"curies":[{"name":"wp","href":"https:\/\/api.w.org\/{rel}","templated":true}]}}