{"id":589,"date":"2023-06-19T07:31:04","date_gmt":"2023-06-19T07:31:04","guid":{"rendered":"https:\/\/www.fspdd.tl\/?p=589"},"modified":"2023-06-23T01:51:57","modified_gmt":"2023-06-23T01:51:57","slug":"workshop-dahuluk-kona-ba-projeto-pedagogicos-dos-cursos-universidade-catolica-timorense-uct-sao-joao-paulo-ii","status":"publish","type":"post","link":"https:\/\/www.fspdd.tl\/index.php\/2023\/06\/19\/workshop-dahuluk-kona-ba-projeto-pedagogicos-dos-cursos-universidade-catolica-timorense-uct-sao-joao-paulo-ii\/","title":{"rendered":"Workshop dahuluk kona ba Projeto Pedag\u00f3gicos dos Cursos Universidade Cat\u00f3lica Timorense (UCT) \u2013 S\u00e3o Jo\u00e3o Paulo II"},"content":{"rendered":"<p style=\"text-align: justify;\">Ohin, S\u00e1bado, loron 12 junho, 2021, realiza workshop dahuluk kona ba Projeto Pedag\u00f3gicos dos Cursos Universidade Cat\u00f3lica Timorense (UCT) \u2013 S\u00e3o Jo\u00e3o Paulo II. Atividade workshop ida ne\u2019e facilita hosi Dr.Jo\u00e3o C\u00e2ncio nu\u2019udar Secret\u00e1rio I hosi Comiss\u00e3o Instaladora UCT. Iha se\u00e7\u00e3o discurso abertura ba workshop ida ne\u2019e, Amu Vig\u00e1rio Episcopal para Assuntos da Educa\u00e7\u00e3o Arquidiocese D\u00edli, Rev. Pe. Guilhermino da Silva, dehan: \u201cohin loron, sociedade timorense tau hela esperan\u00e7a ba ita nia servi\u00e7o iha UCT. Nune\u2019e, ita nia sorumuto iha workshop ida ohin, atu lori ita nia processo tomak iha prepara\u00e7\u00e3o ba documento sira UCT nian hodi submete ba Minist\u00e9rio da Educa\u00e7\u00e3o.\u201d Entertanto, tuir plano neb\u00e9 mak Comiss\u00e3o Instaladora UCT prepara hela, universidade ida ne\u2019e sei loke faculdade 4 (haat) mak hanesan: 1). Faculdade da Educa\u00e7\u00e3o, L\u00edngua e Arte, iha neb\u00e9 inclui escolas\/departamento sira mak hanesan: Instituto das Ci\u00eancias Religioas, Escola da Educa\u00e7\u00e3o, Escola de L\u00ednguas no Escola de Arte (M\u00fasica). 2). Faculdade das Ci\u00eancias Humanas, fahe ba escolas\/departamento sira mak hanesan: Escola de Direito, Escola de Servi\u00e7os e Comunica\u00e7\u00e3o Sociais no <em>Business School<\/em>. 3). Faculdade das Ci\u00eancias M\u00e9dicas, fahe ba escolas\/departamento: Escola de Medicina no Escola de Enfermagem e Farm\u00e1cia. 4). Faculdade da Engaenharia Agr\u00edcola, fahe ba escola\/departamento: Escola de Agrotecnologia e Agropecu\u00e1ria, Escola de Agroecologia e Agroneg\u00f3cio. Sistema curriculum neb\u00e9 mak UCT atu adopta mak <em>European Credit Transfer System (ECTS).<\/em><\/p>\n<p style=\"text-align: justify;\">Iha worshop ida ne\u2019e, iha mos sec\u00e7\u00e3o ba apresenta\u00e7\u00e3o kona ba Componente Curso Geral (Ex. Educa\u00e7\u00e3o C\u00edvica e Sidadania, Constitui\u00e7\u00e3o da RDTL, Nuances Cat\u00f3licos, etc) hosi Rev. Frei Dr. Joel Casimiro, OFM. Liu tiha se\u00e7\u00e3o apresenta\u00e7\u00e3o, loke mos sec\u00e7\u00e3o discuss\u00e3o ba participante sira tuir cada faculdade nu\u2019udar temi ona iha leten. Iha se\u00e7\u00e3o disscu\u00e7\u00e3o grupo nian ida ne\u2019e, discute kona ba per\u00edodo Pr\u00e9-universit\u00e1rio, <em>Mata Kuliah Umum,<\/em> import\u00e2ncia hosi monografia no mos apresenta\u00e7\u00e3o ba trabalho neb\u00e9 equipa sira elabora dadaun ona. Tuir plano hosi Comiss\u00e3o Instaladora UCT, elabora\u00e7\u00e3o ba documento prepara\u00e7\u00e3o UCT nian, wainhira finaliza ona, sei submete ba Dire\u00e7\u00e3o Ensino Superior \u2013 Minist\u00e9rio da Educa\u00e7\u00e3o iha loron 16 Julho, 2021. Workshop ida ne\u2019e hetan participa\u00e7\u00e3o ativa hosi participantes 40 (hatnulu) iha Sal\u00e3o da Arquidiocese Metropolitana, Bidau Lecidere, D\u00edli. <em>(Hosi: Rogaia Castro).<\/em><\/p>\n","protected":false},"excerpt":{"rendered":"<p>Ohin, S\u00e1bado, loron 12 junho, 2021, realiza workshop dahuluk kona ba Projeto Pedag\u00f3gicos dos Cursos Universidade Cat\u00f3lica Timorense (UCT) \u2013 S\u00e3o Jo\u00e3o Paulo II. Atividade workshop ida ne\u2019e facilita hosi Dr.Jo\u00e3o C\u00e2ncio nu\u2019udar Secret\u00e1rio I hosi Comiss\u00e3o Instaladora UCT. Iha se\u00e7\u00e3o discurso abertura ba workshop ida ne\u2019e, Amu Vig\u00e1rio Episcopal para Assuntos da Educa\u00e7\u00e3o Arquidiocese [&hellip;]<\/p>\n","protected":false},"author":1,"featured_media":0,"comment_status":"open","ping_status":"open","sticky":false,"template":"","format":"standard","meta":{"_jetpack_memberships_contains_paid_content":false,"footnotes":"","jetpack_publicize_message":"","jetpack_publicize_feature_enabled":true,"jetpack_social_post_already_shared":true,"jetpack_social_options":{"image_generator_settings":{"template":"highway","enabled":false},"version":2}},"categories":[8,5],"tags":[],"class_list":["post-589","post","type-post","status-publish","format-standard","hentry","category-education-and-training","category-news"],"jetpack_publicize_connections":[],"jetpack_featured_media_url":"","jetpack_sharing_enabled":true,"jetpack_likes_enabled":true,"_links":{"self":[{"href":"https:\/\/www.fspdd.tl\/index.php\/wp-json\/wp\/v2\/posts\/589","targetHints":{"allow":["GET"]}}],"collection":[{"href":"https:\/\/www.fspdd.tl\/index.php\/wp-json\/wp\/v2\/posts"}],"about":[{"href":"https:\/\/www.fspdd.tl\/index.php\/wp-json\/wp\/v2\/types\/post"}],"author":[{"embeddable":true,"href":"https:\/\/www.fspdd.tl\/index.php\/wp-json\/wp\/v2\/users\/1"}],"replies":[{"embeddable":true,"href":"https:\/\/www.fspdd.tl\/index.php\/wp-json\/wp\/v2\/comments?post=589"}],"version-history":[{"count":1,"href":"https:\/\/www.fspdd.tl\/index.php\/wp-json\/wp\/v2\/posts\/589\/revisions"}],"predecessor-version":[{"id":590,"href":"https:\/\/www.fspdd.tl\/index.php\/wp-json\/wp\/v2\/posts\/589\/revisions\/590"}],"wp:attachment":[{"href":"https:\/\/www.fspdd.tl\/index.php\/wp-json\/wp\/v2\/media?parent=589"}],"wp:term":[{"taxonomy":"category","embeddable":true,"href":"https:\/\/www.fspdd.tl\/index.php\/wp-json\/wp\/v2\/categories?post=589"},{"taxonomy":"post_tag","embeddable":true,"href":"https:\/\/www.fspdd.tl\/index.php\/wp-json\/wp\/v2\/tags?post=589"}],"curies":[{"name":"wp","href":"https:\/\/api.w.org\/{rel}","templated":true}]}}