{"id":828,"date":"2025-10-30T01:48:16","date_gmt":"2025-10-30T01:48:16","guid":{"rendered":"https:\/\/www.fspdd.tl\/?p=828"},"modified":"2025-10-30T01:48:16","modified_gmt":"2025-10-30T01:48:16","slug":"inauguracao-edificio-sala-de-conferencias-e-residencia-comando-dare","status":"publish","type":"post","link":"https:\/\/www.fspdd.tl\/index.php\/2025\/10\/30\/inauguracao-edificio-sala-de-conferencias-e-residencia-comando-dare\/","title":{"rendered":"Inaugura\u00e7\u00e3o Edif\u00edcio Sala de Confer\u00eancias e Resid\u00eancia, Comando Dare"},"content":{"rendered":"<p style=\"text-align: justify;\">Iha loron 29 outubro 2025, Sua Emin\u00eancia Dom Virg\u00edlio Cardeal do Carmo da Silva, SDB fo ben\u00e7\u00e3o ba edif\u00edcio Sala de Confer\u00eancia e Resid\u00eancia iha Comando, suco Dare, Posto Administrativo Vera Cruz, Municipio de Dili. Cerim\u00f3nia inaugura\u00e7\u00e3o ida ne\u2019e marca mos presen\u00e7a hosi Coordenador do Gabinete de Apoio \u00e1 Sociedade Civil (GASC), Sr. Eng. Joaquim da Costa Freitas hamutuk ho membro equipa comitiva. \u201cUma ida ne\u2019e sei sai nu\u2019udar centro forma\u00e7\u00e3o ida, nune\u2019e, precisa nafatin atu atividade forma\u00e7\u00e3o nian hala\u2019o cont\u00ednua iha fatin ida ne\u2019e.\u201d, tenik Coodenador GASC iha biban wainhira hato\u2019o ninia discurso. Entretanto, Rev. Pe. Augusto do Carmo Martins, Presidente do Conselho Administrativo Funda\u00e7\u00e3o S\u00e3o Paulo hato\u2019o katak ho gra\u00e7a Maromak nian, ita iha tan uma foun ida hodi sai nu\u2019udar fatin forma\u00e7\u00e3o iha Comando, tamba Funda\u00e7\u00e3o S\u00e3o Paulo hamutuk ho ONG RAEBIA Timor-Leste iha ona experi\u00eancia implementa atividade forma\u00e7\u00e3o konaba conserva\u00e7\u00e3o ba rai no b\u00e9e, Dare Eco-Farm, no Dare-Eco Tourism iha \u00e2mbito projeto Refloresta\u00e7\u00e3o de Dare financia hosi Uni\u00e3o Europeia iha Timor-Leste hosi tinan 2019-2022. Experi\u00eancia hirak ne\u2019e sai nu\u2019udar buka\u2019e ida hodi loke fatin centro form\u00e7\u00e3o ida iha Comando, Dare. Ao passo que, Sua Emin\u00eancia Dom Virg\u00edlio Cardeal do Carmo da Silva, SDB iha ninia discurso hodi naran Arquidiocese Dili nian hato\u2019o agradecimento wain ba IX Governo Constitucional nebe mak la falta atu fo nafatin apoio ba Uma Kreda Timor liliu ba Arquidiocese de Dili liu hosi contru\u00e7\u00e3o obra ida ne\u2019e. Entretanto, t\u00edtulo obra ida ne\u2019e ho naran \u201cNova Constru\u00e7\u00e3o da Sala de Confer\u00eancia e Resid\u00eancia, ho n\u00famero refer\u00eancia: 01\/FSP\/CD\/IX\/2023, executa hosi contractor Bonavide Unipessoal Lda ho montante USD 310,730.41. Sua Emin\u00eancia Dom Virg\u00edlio Cardeal fo hili naran ba uma ida ne\u2019e nu\u2019udar Centro de Forma\u00e7\u00e3o S\u00e3o Carlo Acutis. Nu\u2019udar fatin centro forma\u00e7\u00e3o ida, nune\u2019e, uma ida ne\u2019e ba dala uluk nu\u2019udar laborat\u00f3rio ba Estudante Universidade Cat\u00f3lica Timorense (UCT) hofi Faculdade Agr\u00edcola \u2013 Escola da Agrotecnologia, iha nebe estudante sira wainhira hetan b\u00edban hodi mai halo pratica campo Comando, fatin ida ne\u2019e sei halibur sira hodi simu instru\u00e7\u00e3o hosi docente sira molok tun ba campo. Nune\u2019e mos fatin ida ne\u2019e nu\u2019udar forma\u00e7\u00e3o ba comunidade sira konaba t\u00e9cnica agr\u00edcola sustent\u00e1vel, no, sai mos espa\u00e7o diak ida hodi halo reuni\u00e3o, workshop, retiro, nst.<\/p>\n<p style=\"text-align: justify;\"><img data-recalc-dims=\"1\" fetchpriority=\"high\" decoding=\"async\" class=\"alignnone size-medium wp-image-830\" src=\"https:\/\/i0.wp.com\/www.fspdd.tl\/wp-content\/uploads\/2025\/10\/IMG_1019a.jpg?resize=300%2C200&#038;ssl=1\" alt=\"\" width=\"300\" height=\"200\" srcset=\"https:\/\/i0.wp.com\/www.fspdd.tl\/wp-content\/uploads\/2025\/10\/IMG_1019a.jpg?resize=300%2C200&amp;ssl=1 300w, https:\/\/i0.wp.com\/www.fspdd.tl\/wp-content\/uploads\/2025\/10\/IMG_1019a.jpg?resize=1024%2C683&amp;ssl=1 1024w, https:\/\/i0.wp.com\/www.fspdd.tl\/wp-content\/uploads\/2025\/10\/IMG_1019a.jpg?resize=768%2C512&amp;ssl=1 768w, https:\/\/i0.wp.com\/www.fspdd.tl\/wp-content\/uploads\/2025\/10\/IMG_1019a.jpg?w=1050&amp;ssl=1 1050w\" sizes=\"(max-width: 300px) 100vw, 300px\" \/>Iha cerim\u00f3nia inaugura\u00e7\u00e3o ida ne\u2019e marca mos presen\u00e7a hosi Magn\u00edfico Reitor UCT, Frei Doutor Joel Casimiro OFM, Amu Reitor SENOFA no Presidente UNIO Arquidiocese Dili, Pe. Natalino da Costa Soares, Amu Reitor SPEPAL,\u00a0Pe. Miguel Arcanho da Costa, Amu P\u00e1roco de Dare, Pe. Domingos Bian, Amu Diretor Nacional da Comissao Justica e Paz da Integridade e Criacao (JPIC), Pe. Demetrio da Conceicao Xavier, amu sira seluk tan, irm\u00e3 sira hosi comunidade SJMJ Dare, equipa Comiss\u00e3o T\u00e9cnica Diocesana (CTD) Arquidiocese Dili, Diretora Interina Faculdade de Engenharia Agricola UCT<\/p>\n<p style=\"text-align: justify;\">Director empresas Galvalindo no Rachio, autoridade local no lian nain, no pol\u00edcia comunit\u00e1ria suco Dare.<\/p>\n<p style=\"text-align: justify;\">Evento simples ida ne\u2019e hetan anima\u00e7\u00e3o dan\u00e7a tradicional hosi foin sa\u2019e feto no mane aldeia Fila B\u00e9 Ba Tua, no mos, \u00a0m\u00fasica pop hosi grup banda local suco Dare.<\/p>\n<p style=\"text-align: justify;\">\n","protected":false},"excerpt":{"rendered":"<p>Iha loron 29 outubro 2025, Sua Emin\u00eancia Dom Virg\u00edlio Cardeal do Carmo da Silva, SDB fo ben\u00e7\u00e3o ba edif\u00edcio Sala de Confer\u00eancia e Resid\u00eancia iha Comando, suco Dare, Posto Administrativo Vera Cruz, Municipio de Dili. Cerim\u00f3nia inaugura\u00e7\u00e3o ida ne\u2019e marca mos presen\u00e7a hosi Coordenador do Gabinete de Apoio \u00e1 Sociedade Civil (GASC), Sr. Eng. Joaquim [&hellip;]<\/p>\n","protected":false},"author":1,"featured_media":829,"comment_status":"open","ping_status":"open","sticky":false,"template":"","format":"standard","meta":{"_jetpack_memberships_contains_paid_content":false,"footnotes":"","jetpack_publicize_message":"","jetpack_publicize_feature_enabled":true,"jetpack_social_post_already_shared":true,"jetpack_social_options":{"image_generator_settings":{"template":"highway","enabled":false},"version":2}},"categories":[5],"tags":[],"class_list":["post-828","post","type-post","status-publish","format-standard","has-post-thumbnail","hentry","category-news"],"jetpack_publicize_connections":[],"jetpack_featured_media_url":"https:\/\/i0.wp.com\/www.fspdd.tl\/wp-content\/uploads\/2025\/10\/IMG_1046a.jpg?fit=1057%2C705&ssl=1","jetpack_sharing_enabled":true,"jetpack_likes_enabled":true,"_links":{"self":[{"href":"https:\/\/www.fspdd.tl\/index.php\/wp-json\/wp\/v2\/posts\/828","targetHints":{"allow":["GET"]}}],"collection":[{"href":"https:\/\/www.fspdd.tl\/index.php\/wp-json\/wp\/v2\/posts"}],"about":[{"href":"https:\/\/www.fspdd.tl\/index.php\/wp-json\/wp\/v2\/types\/post"}],"author":[{"embeddable":true,"href":"https:\/\/www.fspdd.tl\/index.php\/wp-json\/wp\/v2\/users\/1"}],"replies":[{"embeddable":true,"href":"https:\/\/www.fspdd.tl\/index.php\/wp-json\/wp\/v2\/comments?post=828"}],"version-history":[{"count":1,"href":"https:\/\/www.fspdd.tl\/index.php\/wp-json\/wp\/v2\/posts\/828\/revisions"}],"predecessor-version":[{"id":831,"href":"https:\/\/www.fspdd.tl\/index.php\/wp-json\/wp\/v2\/posts\/828\/revisions\/831"}],"wp:featuredmedia":[{"embeddable":true,"href":"https:\/\/www.fspdd.tl\/index.php\/wp-json\/wp\/v2\/media\/829"}],"wp:attachment":[{"href":"https:\/\/www.fspdd.tl\/index.php\/wp-json\/wp\/v2\/media?parent=828"}],"wp:term":[{"taxonomy":"category","embeddable":true,"href":"https:\/\/www.fspdd.tl\/index.php\/wp-json\/wp\/v2\/categories?post=828"},{"taxonomy":"post_tag","embeddable":true,"href":"https:\/\/www.fspdd.tl\/index.php\/wp-json\/wp\/v2\/tags?post=828"}],"curies":[{"name":"wp","href":"https:\/\/api.w.org\/{rel}","templated":true}]}}